{"id":1620,"date":"2024-01-29T10:33:32","date_gmt":"2024-01-29T10:33:32","guid":{"rendered":"https:\/\/cemel.es\/?p=1620"},"modified":"2026-04-28T06:46:56","modified_gmt":"2026-04-28T06:46:56","slug":"1620-2","status":"publish","type":"post","link":"https:\/\/cemel.es\/en\/1620-2\/","title":{"rendered":"Candidate for Carnival Queen"},"content":{"rendered":"<p>On the 9th of February our clinic presents Andrea Garc\u00eda Fleitas with the fantasy 'Masai Mara' designed by Cristina Robledano and Pedro Quintero to the election of the Queen of the Carnival of Las Palmas de Gran Canaria.<br \/>\nWe already have the appearance number for our candidate for Carnival Queen, who will make her appearance in position number 6. The whole team at Cl\u00ednica Cemel is very proud of our candidate and we will be supporting her to show off all the effort and work behind this beautiful design.<\/p>\n<p><img fetchpriority=\"high\" decoding=\"async\" class=\"alignnone size-medium wp-image-1622\" src=\"https:\/\/cemel.es\/wp-content\/uploads\/2024\/01\/POst2-225x300.jpeg\" alt=\"\" width=\"225\" height=\"300\" srcset=\"https:\/\/cemel.es\/wp-content\/uploads\/2024\/01\/POst2-225x300.jpeg 225w, https:\/\/cemel.es\/wp-content\/uploads\/2024\/01\/POst2-9x12.jpeg 9w, https:\/\/cemel.es\/wp-content\/uploads\/2024\/01\/POst2.jpeg 768w\" sizes=\"(max-width: 225px) 100vw, 225px\" \/><\/p>","protected":false},"excerpt":{"rendered":"<p>El pr\u00f3ximo 9 de febrero nuestra cl\u00ednica presenta a Andrea Garc\u00eda Fleitas con la fantas\u00eda \u2018Masai Mara\u2019 dise\u00f1ada por Cristina Robledano y Pedro Quintero a la elecci\u00f3n de la Reina del Carnaval de Las Palmas de Gran Canaria Ya tenemos el n\u00famero de aparici\u00f3n para nuestra candidata a Reina del Carnaval, que har\u00e1 su aparici\u00f3n [&hellip;]<\/p>\n","protected":false},"author":2,"featured_media":1621,"comment_status":"closed","ping_status":"open","sticky":false,"template":"","format":"standard","meta":{"footnotes":""},"categories":[11],"tags":[],"class_list":["post-1620","post","type-post","status-publish","format-standard","has-post-thumbnail","hentry","category-blog"],"_links":{"self":[{"href":"https:\/\/cemel.es\/en\/wp-json\/wp\/v2\/posts\/1620","targetHints":{"allow":["GET"]}}],"collection":[{"href":"https:\/\/cemel.es\/en\/wp-json\/wp\/v2\/posts"}],"about":[{"href":"https:\/\/cemel.es\/en\/wp-json\/wp\/v2\/types\/post"}],"author":[{"embeddable":true,"href":"https:\/\/cemel.es\/en\/wp-json\/wp\/v2\/users\/2"}],"replies":[{"embeddable":true,"href":"https:\/\/cemel.es\/en\/wp-json\/wp\/v2\/comments?post=1620"}],"version-history":[{"count":2,"href":"https:\/\/cemel.es\/en\/wp-json\/wp\/v2\/posts\/1620\/revisions"}],"predecessor-version":[{"id":1625,"href":"https:\/\/cemel.es\/en\/wp-json\/wp\/v2\/posts\/1620\/revisions\/1625"}],"wp:featuredmedia":[{"embeddable":true,"href":"https:\/\/cemel.es\/en\/wp-json\/wp\/v2\/media\/1621"}],"wp:attachment":[{"href":"https:\/\/cemel.es\/en\/wp-json\/wp\/v2\/media?parent=1620"}],"wp:term":[{"taxonomy":"category","embeddable":true,"href":"https:\/\/cemel.es\/en\/wp-json\/wp\/v2\/categories?post=1620"},{"taxonomy":"post_tag","embeddable":true,"href":"https:\/\/cemel.es\/en\/wp-json\/wp\/v2\/tags?post=1620"}],"curies":[{"name":"wp","href":"https:\/\/api.w.org\/{rel}","templated":true}]}}